{"id":22073,"date":"2026-08-17T11:57:16","date_gmt":"2026-08-17T09:57:16","guid":{"rendered":"https:\/\/ngi.be\/?p=22073"},"modified":"2026-08-17T16:47:31","modified_gmt":"2026-08-17T14:47:31","slug":"des-photos-aeriennes-a-lappui-des-equipes-dintervention-dans-les-hautes-fagnes","status":"publish","type":"post","link":"https:\/\/ngi.be\/des-photos-aeriennes-a-lappui-des-equipes-dintervention-dans-les-hautes-fagnes","title":{"rendered":"Des photos a\u00e9riennes \u00e0 l\u2019appui des \u00e9quipes d\u2019intervention dans les Hautes Fagnes"},"content":{"rendered":"<p>Dans le cadre de l\u2019incendie qui fait actuellement rage dans les Hautes Fagnes, l\u2019IGN, un parastatal de type B sous la tutelle du ministre de la D\u00e9fense, r\u00e9alise des photos a\u00e9riennes \u00e0 l\u2019appui des \u00e9quipes d\u2019intervention sur le terrain. Cette mission est men\u00e9e en \u00e9troite collaboration avec le NCCN (Centre de crise National) et la cellule de crise provinciale de Li\u00e8ge.<\/p>\n<p>Des prises de vue peuvent \u00eatre effectu\u00e9es sans d\u00e9lai gr\u00e2ce \u00e0 un contrat permettant une intervention rapide en cas de crise. Les vols sont effectu\u00e9s par l\u2019entreprise <a id=\"menure2q\" class=\"fui-Link ___1q1shib f2hkw1w f3rmtva f1ewtqcl fyind8e f1k6fduh f1w7gpdv fk6fouc fjoy568 figsok6 f1s184ao f1mk8lai fnbmjn9 f1o700av f13mvf36 f1cmlufx f9n3di6 f1ids18y f1tx3yz7 f1deo86v f1eh06m1 f1iescvh fhgqx19 f1olyrje f1p93eir f1nev41a f1h8hb77 f1lqvz6u f10aw75t fsle3fq f17ae5zn\" title=\"https:\/\/www.vansteelandt.be\/\" href=\"https:\/\/www.vansteelandt.be\/\" target=\"_blank\" rel=\"noreferrer noopener\" aria-label=\"Link Vansteelandt\">Vansteelandt<\/a> pour le compte de l\u2019IGN.<\/p>\n<p>Ces photos offrent aux \u00e9quipes d\u2019intervention une vision actualis\u00e9e et pr\u00e9cise de la situation sur le terrain. Elles permettent de cartographier le front et le p\u00e9rim\u00e8tre de l\u2019incendie et d\u2019en suivre l\u2019\u00e9volution.<\/p>\n<p><a id=\"menure2s\" class=\"fui-Link ___1q1shib f2hkw1w f3rmtva f1ewtqcl fyind8e f1k6fduh f1w7gpdv fk6fouc fjoy568 figsok6 f1s184ao f1mk8lai fnbmjn9 f1o700av f13mvf36 f1cmlufx f9n3di6 f1ids18y f1tx3yz7 f1deo86v f1eh06m1 f1iescvh fhgqx19 f1olyrje f1p93eir f1nev41a f1h8hb77 f1lqvz6u f10aw75t fsle3fq f17ae5zn\" title=\"https:\/\/www.flightradar24.com\/data\/aircraft\/oo-vst#413404af\" href=\"https:\/\/www.flightradar24.com\/data\/aircraft\/oo-vst#413404af\" target=\"_blank\" rel=\"noreferrer noopener\" aria-label=\"Link Des photos NADIR (photos a\u00e9riennes verticales) ont d\u00e9j\u00e0 \u00e9t\u00e9 r\u00e9alis\u00e9es hier soir\">Des photos NADIR (photos a\u00e9riennes verticales) ont d\u00e9j\u00e0 \u00e9t\u00e9 r\u00e9alis\u00e9es hier soir<\/a>. Des images thermiques sont \u00e9galement pr\u00e9vues au cours des prochaines heures. Celles-ci peuvent aider \u00e0 d\u00e9tecter les foyers d\u2019incendie r\u00e9siduels et les points chauds difficilement rep\u00e9rables depuis le sol.<\/p>\n<p>En fonction de l\u2019\u00e9volution de l\u2019incendie, ces vols pourraient \u00eatre renouvel\u00e9s dans les jours \u00e0 venir. Les \u00e9quipes d\u2019intervention disposeront ainsi d\u2019informations actualis\u00e9es leur permettant de mener leurs op\u00e9rations de la mani\u00e8re la plus cibl\u00e9e et la plus efficace possible.<\/p>\n<p>Par cette mission, l\u2019IGN apporte son soutien aux services de secours et contribue \u00e0 une meilleure connaissance de la situation sur le terrain ainsi qu\u2019\u00e0 une lutte plus efficace contre l\u2019incendie dans les Hautes Fagnes.<\/p>\n<p><img loading=\"lazy\" decoding=\"async\" class=\"alignnone size-medium wp-image-22066\" src=\"https:\/\/ngi.be\/app\/uploads\/2026\/08\/2026-08-16-at-19.49.26-2-225x300.jpeg\" alt=\"\" width=\"225\" height=\"300\" srcset=\"https:\/\/ngi.be\/app\/uploads\/2026\/08\/2026-08-16-at-19.49.26-2-225x300.jpeg 225w, https:\/\/ngi.be\/app\/uploads\/2026\/08\/2026-08-16-at-19.49.26-2-768x1024.jpeg 768w, https:\/\/ngi.be\/app\/uploads\/2026\/08\/2026-08-16-at-19.49.26-2-1152x1536.jpeg 1152w, https:\/\/ngi.be\/app\/uploads\/2026\/08\/2026-08-16-at-19.49.26-2-165x220.jpeg 165w, https:\/\/ngi.be\/app\/uploads\/2026\/08\/2026-08-16-at-19.49.26-2-263x350.jpeg 263w, https:\/\/ngi.be\/app\/uploads\/2026\/08\/2026-08-16-at-19.49.26-2.jpeg 1200w\" sizes=\"auto, (max-width: 225px) 100vw, 225px\" \/> <img loading=\"lazy\" decoding=\"async\" class=\"alignnone size-medium wp-image-22062\" src=\"https:\/\/ngi.be\/app\/uploads\/2026\/08\/2026-08-16-at-19.49.26-3-225x300.jpeg\" alt=\"\" width=\"225\" height=\"300\" srcset=\"https:\/\/ngi.be\/app\/uploads\/2026\/08\/2026-08-16-at-19.49.26-3-225x300.jpeg 225w, https:\/\/ngi.be\/app\/uploads\/2026\/08\/2026-08-16-at-19.49.26-3-768x1024.jpeg 768w, https:\/\/ngi.be\/app\/uploads\/2026\/08\/2026-08-16-at-19.49.26-3-1152x1536.jpeg 1152w, https:\/\/ngi.be\/app\/uploads\/2026\/08\/2026-08-16-at-19.49.26-3-165x220.jpeg 165w, https:\/\/ngi.be\/app\/uploads\/2026\/08\/2026-08-16-at-19.49.26-3-263x350.jpeg 263w, https:\/\/ngi.be\/app\/uploads\/2026\/08\/2026-08-16-at-19.49.26-3.jpeg 1200w\" sizes=\"auto, (max-width: 225px) 100vw, 225px\" \/> <img loading=\"lazy\" decoding=\"async\" class=\"alignnone size-medium wp-image-22058\" src=\"https:\/\/ngi.be\/app\/uploads\/2026\/08\/2026-08-16-at-19.49.26-225x300.jpeg\" alt=\"\" width=\"225\" height=\"300\" srcset=\"https:\/\/ngi.be\/app\/uploads\/2026\/08\/2026-08-16-at-19.49.26-225x300.jpeg 225w, https:\/\/ngi.be\/app\/uploads\/2026\/08\/2026-08-16-at-19.49.26-768x1024.jpeg 768w, https:\/\/ngi.be\/app\/uploads\/2026\/08\/2026-08-16-at-19.49.26-1152x1536.jpeg 1152w, https:\/\/ngi.be\/app\/uploads\/2026\/08\/2026-08-16-at-19.49.26-165x220.jpeg 165w, https:\/\/ngi.be\/app\/uploads\/2026\/08\/2026-08-16-at-19.49.26-263x350.jpeg 263w, https:\/\/ngi.be\/app\/uploads\/2026\/08\/2026-08-16-at-19.49.26.jpeg 1200w\" sizes=\"auto, (max-width: 225px) 100vw, 225px\" \/><\/p>\n<p><img loading=\"lazy\" decoding=\"async\" class=\"alignnone wp-image-22102\" src=\"https:\/\/ngi.be\/app\/uploads\/2026\/08\/illustration_comcel-1-1024x719.jpg\" alt=\"\" width=\"690\" height=\"484\" srcset=\"https:\/\/ngi.be\/app\/uploads\/2026\/08\/illustration_comcel-1-1024x719.jpg 1024w, https:\/\/ngi.be\/app\/uploads\/2026\/08\/illustration_comcel-1-300x211.jpg 300w, https:\/\/ngi.be\/app\/uploads\/2026\/08\/illustration_comcel-1-768x539.jpg 768w, https:\/\/ngi.be\/app\/uploads\/2026\/08\/illustration_comcel-1-1536x1078.jpg 1536w, https:\/\/ngi.be\/app\/uploads\/2026\/08\/illustration_comcel-1-220x154.jpg 220w, https:\/\/ngi.be\/app\/uploads\/2026\/08\/illustration_comcel-1-499x350.jpg 499w, https:\/\/ngi.be\/app\/uploads\/2026\/08\/illustration_comcel-1.jpg 1920w\" sizes=\"auto, (max-width: 690px) 100vw, 690px\" \/><\/p>\n<p>&nbsp;<\/p>\n","protected":false},"excerpt":{"rendered":"<p>Dans le cadre de l\u2019incendie qui fait actuellement rage dans les Hautes Fagnes, l\u2019IGN, un parastatal de type B sous la tutelle du ministre de la D\u00e9fense, r\u00e9alise des photos a\u00e9riennes \u00e0 l\u2019appui des \u00e9quipes d\u2019intervention sur le terrain. Cette mission est men\u00e9e en \u00e9troite collaboration avec le NCCN (Centre de crise National) et la&#8230;<\/p>\n","protected":false},"author":19,"featured_media":22098,"comment_status":"closed","ping_status":"closed","sticky":false,"template":"","format":"standard","meta":{"_acf_changed":false,"footnotes":""},"categories":[13],"tags":[],"class_list":["post-22073","post","type-post","status-publish","format-standard","has-post-thumbnail","hentry","category-non-classifiee"],"acf":[],"yoast_head":"<!-- This site is optimized with the Yoast SEO plugin v28.4 - https:\/\/yoast.com\/product\/yoast-seo-wordpress\/ -->\n<title>Des photos a\u00e9riennes \u00e0 l\u2019appui des \u00e9quipes d\u2019intervention dans les Hautes Fagnes - IGN<\/title>\n<meta name=\"robots\" content=\"index, follow, max-snippet:-1, max-image-preview:large, max-video-preview:-1\" \/>\n<link rel=\"canonical\" href=\"https:\/\/ngi.be\/fr\/des-photos-aeriennes-a-lappui-des-equipes-dintervention-dans-les-hautes-fagnes\/\" \/>\n<meta property=\"og:locale\" content=\"fr_FR\" \/>\n<meta property=\"og:type\" content=\"article\" \/>\n<meta property=\"og:title\" content=\"Des photos a\u00e9riennes \u00e0 l\u2019appui des \u00e9quipes d\u2019intervention dans les Hautes Fagnes - IGN\" \/>\n<meta property=\"og:description\" content=\"Dans le cadre de l\u2019incendie qui fait actuellement rage dans les Hautes Fagnes, l\u2019IGN, un parastatal de type B sous la tutelle du ministre de la D\u00e9fense, r\u00e9alise des photos a\u00e9riennes \u00e0 l\u2019appui des \u00e9quipes d\u2019intervention sur le terrain. Cette mission est men\u00e9e en \u00e9troite collaboration avec le NCCN (Centre de crise National) et la...\" \/>\n<meta property=\"og:url\" content=\"https:\/\/ngi.be\/fr\/des-photos-aeriennes-a-lappui-des-equipes-dintervention-dans-les-hautes-fagnes\/\" \/>\n<meta property=\"og:site_name\" content=\"IGN\" \/>\n<meta property=\"article:published_time\" content=\"2026-08-17T09:57:16+00:00\" \/>\n<meta property=\"article:modified_time\" content=\"2026-08-17T14:47:31+00:00\" \/>\n<meta property=\"og:image\" content=\"https:\/\/ngi.be\/app\/uploads\/2026\/08\/illustration_comcel.jpg\" \/>\n\t<meta property=\"og:image:width\" content=\"1920\" \/>\n\t<meta property=\"og:image:height\" content=\"1348\" \/>\n\t<meta property=\"og:image:type\" content=\"image\/jpeg\" \/>\n<meta name=\"author\" content=\"Babs Carpentier\" \/>\n<meta name=\"twitter:card\" content=\"summary_large_image\" \/>\n<meta name=\"twitter:label1\" content=\"Written by\" \/>\n\t<meta name=\"twitter:data1\" content=\"Babs Carpentier\" \/>\n\t<meta name=\"twitter:label2\" content=\"Est. reading time\" \/>\n\t<meta name=\"twitter:data2\" content=\"3 minutes\" \/>\n<script type=\"application\/ld+json\" class=\"yoast-schema-graph\">{\"@context\":\"https:\\\/\\\/schema.org\",\"@graph\":[{\"@type\":\"Article\",\"@id\":\"https:\\\/\\\/ngi.be\\\/fr\\\/des-photos-aeriennes-a-lappui-des-equipes-dintervention-dans-les-hautes-fagnes\\\/#article\",\"isPartOf\":{\"@id\":\"https:\\\/\\\/ngi.be\\\/fr\\\/des-photos-aeriennes-a-lappui-des-equipes-dintervention-dans-les-hautes-fagnes\\\/\"},\"author\":{\"name\":\"Babs Carpentier\",\"@id\":\"https:\\\/\\\/ngi.be\\\/#\\\/schema\\\/person\\\/871e38e7609e0027df0b630714f991a8\"},\"headline\":\"Des photos a\u00e9riennes \u00e0 l\u2019appui des \u00e9quipes d\u2019intervention dans les Hautes Fagnes\",\"datePublished\":\"2026-08-17T09:57:16+00:00\",\"dateModified\":\"2026-08-17T14:47:31+00:00\",\"mainEntityOfPage\":{\"@id\":\"https:\\\/\\\/ngi.be\\\/fr\\\/des-photos-aeriennes-a-lappui-des-equipes-dintervention-dans-les-hautes-fagnes\\\/\"},\"wordCount\":295,\"image\":{\"@id\":\"https:\\\/\\\/ngi.be\\\/fr\\\/des-photos-aeriennes-a-lappui-des-equipes-dintervention-dans-les-hautes-fagnes\\\/#primaryimage\"},\"thumbnailUrl\":\"https:\\\/\\\/ngi.be\\\/app\\\/uploads\\\/2026\\\/08\\\/illustration_comcel.jpg\",\"articleSection\":[\"Non classifi\u00e9(e)\"],\"inLanguage\":\"fr-FR\"},{\"@type\":\"WebPage\",\"@id\":\"https:\\\/\\\/ngi.be\\\/fr\\\/des-photos-aeriennes-a-lappui-des-equipes-dintervention-dans-les-hautes-fagnes\\\/\",\"url\":\"https:\\\/\\\/ngi.be\\\/fr\\\/des-photos-aeriennes-a-lappui-des-equipes-dintervention-dans-les-hautes-fagnes\\\/\",\"name\":\"Des photos a\u00e9riennes \u00e0 l\u2019appui des \u00e9quipes d\u2019intervention dans les Hautes Fagnes - IGN\",\"isPartOf\":{\"@id\":\"https:\\\/\\\/ngi.be\\\/#website\"},\"primaryImageOfPage\":{\"@id\":\"https:\\\/\\\/ngi.be\\\/fr\\\/des-photos-aeriennes-a-lappui-des-equipes-dintervention-dans-les-hautes-fagnes\\\/#primaryimage\"},\"image\":{\"@id\":\"https:\\\/\\\/ngi.be\\\/fr\\\/des-photos-aeriennes-a-lappui-des-equipes-dintervention-dans-les-hautes-fagnes\\\/#primaryimage\"},\"thumbnailUrl\":\"https:\\\/\\\/ngi.be\\\/app\\\/uploads\\\/2026\\\/08\\\/illustration_comcel.jpg\",\"datePublished\":\"2026-08-17T09:57:16+00:00\",\"dateModified\":\"2026-08-17T14:47:31+00:00\",\"author\":{\"@id\":\"https:\\\/\\\/ngi.be\\\/#\\\/schema\\\/person\\\/871e38e7609e0027df0b630714f991a8\"},\"breadcrumb\":{\"@id\":\"https:\\\/\\\/ngi.be\\\/fr\\\/des-photos-aeriennes-a-lappui-des-equipes-dintervention-dans-les-hautes-fagnes\\\/#breadcrumb\"},\"inLanguage\":\"fr-FR\",\"potentialAction\":[{\"@type\":\"ReadAction\",\"target\":[\"https:\\\/\\\/ngi.be\\\/fr\\\/des-photos-aeriennes-a-lappui-des-equipes-dintervention-dans-les-hautes-fagnes\\\/\"]}]},{\"@type\":\"ImageObject\",\"inLanguage\":\"fr-FR\",\"@id\":\"https:\\\/\\\/ngi.be\\\/fr\\\/des-photos-aeriennes-a-lappui-des-equipes-dintervention-dans-les-hautes-fagnes\\\/#primaryimage\",\"url\":\"https:\\\/\\\/ngi.be\\\/app\\\/uploads\\\/2026\\\/08\\\/illustration_comcel.jpg\",\"contentUrl\":\"https:\\\/\\\/ngi.be\\\/app\\\/uploads\\\/2026\\\/08\\\/illustration_comcel.jpg\",\"width\":1920,\"height\":1348,\"caption\":\"alt=\\\"\\\"\"},{\"@type\":\"BreadcrumbList\",\"@id\":\"https:\\\/\\\/ngi.be\\\/fr\\\/des-photos-aeriennes-a-lappui-des-equipes-dintervention-dans-les-hautes-fagnes\\\/#breadcrumb\",\"itemListElement\":[{\"@type\":\"ListItem\",\"position\":1,\"name\":\"Home\",\"item\":\"https:\\\/\\\/ngi.be\\\/fr\\\/\"},{\"@type\":\"ListItem\",\"position\":2,\"name\":\"Des photos a\u00e9riennes \u00e0 l\u2019appui des \u00e9quipes d\u2019intervention dans les Hautes Fagnes\"}]},{\"@type\":\"WebSite\",\"@id\":\"https:\\\/\\\/ngi.be\\\/#website\",\"url\":\"https:\\\/\\\/ngi.be\\\/\",\"name\":\"IGN\",\"description\":\"Cartes topographiques et bases de donn\u00e9es, photos a\u00e9riennes\",\"potentialAction\":[{\"@type\":\"SearchAction\",\"target\":{\"@type\":\"EntryPoint\",\"urlTemplate\":\"https:\\\/\\\/ngi.be\\\/?s={search_term_string}\"},\"query-input\":{\"@type\":\"PropertyValueSpecification\",\"valueRequired\":true,\"valueName\":\"search_term_string\"}}],\"inLanguage\":\"fr-FR\"},{\"@type\":\"Person\",\"@id\":\"https:\\\/\\\/ngi.be\\\/#\\\/schema\\\/person\\\/871e38e7609e0027df0b630714f991a8\",\"name\":\"Babs Carpentier\",\"image\":{\"@type\":\"ImageObject\",\"inLanguage\":\"fr-FR\",\"@id\":\"https:\\\/\\\/secure.gravatar.com\\\/avatar\\\/5c89fee4ed94c471c63960bd95fe32579c6a6066e7f636e39052f32dfd428eec?s=96&d=mm&r=g\",\"url\":\"https:\\\/\\\/secure.gravatar.com\\\/avatar\\\/5c89fee4ed94c471c63960bd95fe32579c6a6066e7f636e39052f32dfd428eec?s=96&d=mm&r=g\",\"contentUrl\":\"https:\\\/\\\/secure.gravatar.com\\\/avatar\\\/5c89fee4ed94c471c63960bd95fe32579c6a6066e7f636e39052f32dfd428eec?s=96&d=mm&r=g\",\"caption\":\"Babs Carpentier\"}}]}<\/script>\n<!-- \/ Yoast SEO plugin. -->","yoast_head_json":{"title":"Des photos a\u00e9riennes \u00e0 l\u2019appui des \u00e9quipes d\u2019intervention dans les Hautes Fagnes - IGN","robots":{"index":"index","follow":"follow","max-snippet":"max-snippet:-1","max-image-preview":"max-image-preview:large","max-video-preview":"max-video-preview:-1"},"canonical":"https:\/\/ngi.be\/fr\/des-photos-aeriennes-a-lappui-des-equipes-dintervention-dans-les-hautes-fagnes\/","og_locale":"fr_FR","og_type":"article","og_title":"Des photos a\u00e9riennes \u00e0 l\u2019appui des \u00e9quipes d\u2019intervention dans les Hautes Fagnes - IGN","og_description":"Dans le cadre de l\u2019incendie qui fait actuellement rage dans les Hautes Fagnes, l\u2019IGN, un parastatal de type B sous la tutelle du ministre de la D\u00e9fense, r\u00e9alise des photos a\u00e9riennes \u00e0 l\u2019appui des \u00e9quipes d\u2019intervention sur le terrain. Cette mission est men\u00e9e en \u00e9troite collaboration avec le NCCN (Centre de crise National) et la...","og_url":"https:\/\/ngi.be\/fr\/des-photos-aeriennes-a-lappui-des-equipes-dintervention-dans-les-hautes-fagnes\/","og_site_name":"IGN","article_published_time":"2026-08-17T09:57:16+00:00","article_modified_time":"2026-08-17T14:47:31+00:00","og_image":[{"width":1920,"height":1348,"url":"https:\/\/ngi.be\/app\/uploads\/2026\/08\/illustration_comcel.jpg","type":"image\/jpeg"}],"author":"Babs Carpentier","twitter_card":"summary_large_image","twitter_misc":{"Written by":"Babs Carpentier","Est. reading time":"3 minutes"},"schema":{"@context":"https:\/\/schema.org","@graph":[{"@type":"Article","@id":"https:\/\/ngi.be\/fr\/des-photos-aeriennes-a-lappui-des-equipes-dintervention-dans-les-hautes-fagnes\/#article","isPartOf":{"@id":"https:\/\/ngi.be\/fr\/des-photos-aeriennes-a-lappui-des-equipes-dintervention-dans-les-hautes-fagnes\/"},"author":{"name":"Babs Carpentier","@id":"https:\/\/ngi.be\/#\/schema\/person\/871e38e7609e0027df0b630714f991a8"},"headline":"Des photos a\u00e9riennes \u00e0 l\u2019appui des \u00e9quipes d\u2019intervention dans les Hautes Fagnes","datePublished":"2026-08-17T09:57:16+00:00","dateModified":"2026-08-17T14:47:31+00:00","mainEntityOfPage":{"@id":"https:\/\/ngi.be\/fr\/des-photos-aeriennes-a-lappui-des-equipes-dintervention-dans-les-hautes-fagnes\/"},"wordCount":295,"image":{"@id":"https:\/\/ngi.be\/fr\/des-photos-aeriennes-a-lappui-des-equipes-dintervention-dans-les-hautes-fagnes\/#primaryimage"},"thumbnailUrl":"https:\/\/ngi.be\/app\/uploads\/2026\/08\/illustration_comcel.jpg","articleSection":["Non classifi\u00e9(e)"],"inLanguage":"fr-FR"},{"@type":"WebPage","@id":"https:\/\/ngi.be\/fr\/des-photos-aeriennes-a-lappui-des-equipes-dintervention-dans-les-hautes-fagnes\/","url":"https:\/\/ngi.be\/fr\/des-photos-aeriennes-a-lappui-des-equipes-dintervention-dans-les-hautes-fagnes\/","name":"Des photos a\u00e9riennes \u00e0 l\u2019appui des \u00e9quipes d\u2019intervention dans les Hautes Fagnes - IGN","isPartOf":{"@id":"https:\/\/ngi.be\/#website"},"primaryImageOfPage":{"@id":"https:\/\/ngi.be\/fr\/des-photos-aeriennes-a-lappui-des-equipes-dintervention-dans-les-hautes-fagnes\/#primaryimage"},"image":{"@id":"https:\/\/ngi.be\/fr\/des-photos-aeriennes-a-lappui-des-equipes-dintervention-dans-les-hautes-fagnes\/#primaryimage"},"thumbnailUrl":"https:\/\/ngi.be\/app\/uploads\/2026\/08\/illustration_comcel.jpg","datePublished":"2026-08-17T09:57:16+00:00","dateModified":"2026-08-17T14:47:31+00:00","author":{"@id":"https:\/\/ngi.be\/#\/schema\/person\/871e38e7609e0027df0b630714f991a8"},"breadcrumb":{"@id":"https:\/\/ngi.be\/fr\/des-photos-aeriennes-a-lappui-des-equipes-dintervention-dans-les-hautes-fagnes\/#breadcrumb"},"inLanguage":"fr-FR","potentialAction":[{"@type":"ReadAction","target":["https:\/\/ngi.be\/fr\/des-photos-aeriennes-a-lappui-des-equipes-dintervention-dans-les-hautes-fagnes\/"]}]},{"@type":"ImageObject","inLanguage":"fr-FR","@id":"https:\/\/ngi.be\/fr\/des-photos-aeriennes-a-lappui-des-equipes-dintervention-dans-les-hautes-fagnes\/#primaryimage","url":"https:\/\/ngi.be\/app\/uploads\/2026\/08\/illustration_comcel.jpg","contentUrl":"https:\/\/ngi.be\/app\/uploads\/2026\/08\/illustration_comcel.jpg","width":1920,"height":1348,"caption":"alt=\"\""},{"@type":"BreadcrumbList","@id":"https:\/\/ngi.be\/fr\/des-photos-aeriennes-a-lappui-des-equipes-dintervention-dans-les-hautes-fagnes\/#breadcrumb","itemListElement":[{"@type":"ListItem","position":1,"name":"Home","item":"https:\/\/ngi.be\/fr\/"},{"@type":"ListItem","position":2,"name":"Des photos a\u00e9riennes \u00e0 l\u2019appui des \u00e9quipes d\u2019intervention dans les Hautes Fagnes"}]},{"@type":"WebSite","@id":"https:\/\/ngi.be\/#website","url":"https:\/\/ngi.be\/","name":"IGN","description":"Cartes topographiques et bases de donn\u00e9es, photos a\u00e9riennes","potentialAction":[{"@type":"SearchAction","target":{"@type":"EntryPoint","urlTemplate":"https:\/\/ngi.be\/?s={search_term_string}"},"query-input":{"@type":"PropertyValueSpecification","valueRequired":true,"valueName":"search_term_string"}}],"inLanguage":"fr-FR"},{"@type":"Person","@id":"https:\/\/ngi.be\/#\/schema\/person\/871e38e7609e0027df0b630714f991a8","name":"Babs Carpentier","image":{"@type":"ImageObject","inLanguage":"fr-FR","@id":"https:\/\/secure.gravatar.com\/avatar\/5c89fee4ed94c471c63960bd95fe32579c6a6066e7f636e39052f32dfd428eec?s=96&d=mm&r=g","url":"https:\/\/secure.gravatar.com\/avatar\/5c89fee4ed94c471c63960bd95fe32579c6a6066e7f636e39052f32dfd428eec?s=96&d=mm&r=g","contentUrl":"https:\/\/secure.gravatar.com\/avatar\/5c89fee4ed94c471c63960bd95fe32579c6a6066e7f636e39052f32dfd428eec?s=96&d=mm&r=g","caption":"Babs Carpentier"}}]}},"date_formatted":"17\/08\/2026","_links":{"self":[{"href":"https:\/\/ngi.be\/fr\/wp-json\/wp\/v2\/posts\/22073","targetHints":{"allow":["GET"]}}],"collection":[{"href":"https:\/\/ngi.be\/fr\/wp-json\/wp\/v2\/posts"}],"about":[{"href":"https:\/\/ngi.be\/fr\/wp-json\/wp\/v2\/types\/post"}],"author":[{"embeddable":true,"href":"https:\/\/ngi.be\/fr\/wp-json\/wp\/v2\/users\/19"}],"replies":[{"embeddable":true,"href":"https:\/\/ngi.be\/fr\/wp-json\/wp\/v2\/comments?post=22073"}],"version-history":[{"count":6,"href":"https:\/\/ngi.be\/fr\/wp-json\/wp\/v2\/posts\/22073\/revisions"}],"predecessor-version":[{"id":22105,"href":"https:\/\/ngi.be\/fr\/wp-json\/wp\/v2\/posts\/22073\/revisions\/22105"}],"wp:featuredmedia":[{"embeddable":true,"href":"https:\/\/ngi.be\/fr\/wp-json\/wp\/v2\/media\/22098"}],"wp:attachment":[{"href":"https:\/\/ngi.be\/fr\/wp-json\/wp\/v2\/media?parent=22073"}],"wp:term":[{"taxonomy":"category","embeddable":true,"href":"https:\/\/ngi.be\/fr\/wp-json\/wp\/v2\/categories?post=22073"},{"taxonomy":"post_tag","embeddable":true,"href":"https:\/\/ngi.be\/fr\/wp-json\/wp\/v2\/tags?post=22073"}],"curies":[{"name":"wp","href":"https:\/\/api.w.org\/{rel}","templated":true}]}}