{"id":22179,"date":"2026-08-24T18:26:33","date_gmt":"2026-08-24T16:26:33","guid":{"rendered":"https:\/\/ngi.be\/?p=22179"},"modified":"2026-08-24T18:26:33","modified_gmt":"2026-08-24T16:26:33","slug":"lign-contribue-a-la-manifestation-parallele-de-haut-niveau-sur-linformation-geospatiale-au-service-du-developpement-durable","status":"publish","type":"post","link":"https:\/\/ngi.be\/lign-contribue-a-la-manifestation-parallele-de-haut-niveau-sur-linformation-geospatiale-au-service-du-developpement-durable","title":{"rendered":"L\u2019IGN contribue \u00e0 la manifestation parall\u00e8le de haut niveau sur l\u2019information g\u00e9ospatiale au service du d\u00e9veloppement durable"},"content":{"rendered":"<h5>Dans le cadre de la semaine de l\u2019UN-GGIM \u00e0 New York, l\u2019IGN a \u0153uvr\u00e9 \u00e0 la participation d\u2019Alexander De Croo, administrateur du Programme des Nations unies pour le d\u00e9veloppement (PNUD), \u00e0 la manifestation parall\u00e8le de haut niveau sur l\u2019information g\u00e9ospatiale au service du d\u00e9veloppement durable. Cette manifestation s\u2019est tenue en marge de la 16<sup>e<\/sup>\u00a0session du Comit\u00e9 d\u2019experts sur la gestion de l\u2019information g\u00e9ospatiale \u00e0 l\u2019\u00e9chelle mondiale (UN-GGIM).<\/h5>\n<p><!--more--><\/p>\n<p>Ingrid Vanden Berghe, Administrateur g\u00e9n\u00e9ral de l\u2019IGN, a ouvert la r\u00e9union. Plusieurs intervenants de haut niveau se sont ensuite pench\u00e9s sur une question centrale\u00a0: comment faire en sorte que l\u2019information g\u00e9ospatiale devienne un v\u00e9ritable levier pour le d\u00e9veloppement durable et des d\u00e9cisions politiques fond\u00e9es\u00a0?<\/p>\n<p>Outre Alexander De Croo, Bjorg Sandkjaer, Sous-Secr\u00e9taire g\u00e9n\u00e9rale \u00e0 la coordination des politiques au D\u00e9partement des affaires \u00e9conomiques et sociales (DESA) de l\u2019ONU, Tamar Zodelava, vice-ministre de la Justice de G\u00e9orgie, et Paula N. B. Cirikiyasawa, secr\u00e9taire permanente du minist\u00e8re des Terres et des Ressources min\u00e9rales des Fidji, ont pris la parole en tant qu\u2019intervenants.<\/p>\n<p><strong>Des donn\u00e9es g\u00e9ospatiales aux politiques publiques<\/strong><\/p>\n<p>Au cours des discussions, il a \u00e9t\u00e9 soulign\u00e9 que, alors que le Programme\u00a02030 entre dans ses derni\u00e8res ann\u00e9es de mise en \u0153uvre, il ne suffit plus de d\u00e9montrer la valeur des informations g\u00e9ospatiales \u00e0 travers des projets isol\u00e9s ou des tableaux de bord. Les informations g\u00e9ospatiales doivent \u00eatre int\u00e9gr\u00e9es de mani\u00e8re structurelle dans les processus d\u00e9cisionnels, les infrastructures num\u00e9riques publiques, les budgets et les services publics.<\/p>\n<p>Alexander De Croo a soulign\u00e9 l\u2019importance du leadership et de l\u2019engagement au niveau national pour faire de l\u2019acc\u00e8s \u00e0 l\u2019information g\u00e9ospatiale un moteur de progr\u00e8s. Bjorg Sandkjaer a quant \u00e0 elle insist\u00e9 sur le fait que l\u2019information g\u00e9ospatiale doit \u00e9voluer d\u2019une capacit\u00e9 technique vers une capacit\u00e9 strat\u00e9gique en mati\u00e8re de politique publique. En associant l\u2019information g\u00e9ospatiale aux statistiques et \u00e0 d\u2019autres sources de donn\u00e9es, celle-ci peut contribuer \u00e0 \u00e9tayer les politiques publiques, \u00e0 suivre les progr\u00e8s r\u00e9alis\u00e9s et \u00e0 orienter les investissements vers les priorit\u00e9s nationales.<\/p>\n<p>Les exp\u00e9riences de la G\u00e9orgie et des Fidji ont illustr\u00e9 concr\u00e8tement comment ces \u00e9volutions prennent forme. Des r\u00e9formes juridiques, institutionnelles et num\u00e9riques permettent d\u2019int\u00e9grer les informations g\u00e9ospatiales dans divers domaines de la politique publique, allant de l\u2019administration fonci\u00e8re et des services publics \u00e0 la r\u00e9silience climatique et \u00e0 la pr\u00e9paration aux catastrophes.<\/p>\n<p><strong>Mettre en place des capacit\u00e9s g\u00e9ospatiales durables<\/strong><\/p>\n<p>Une conclusion commune s\u2019est d\u00e9gag\u00e9e des discussions\u00a0: le d\u00e9fi consiste d\u00e9sormais \u00e0 aller au-del\u00e0 des projets fragment\u00e9s et des initiatives pilotes pour mettre en place des capacit\u00e9s publiques durables. Cela implique \u00e9galement de passer d\u2019une infrastructure de donn\u00e9es g\u00e9ospatiales \u00e0 une infrastructure de connaissances g\u00e9ospatiales \u00e0 part enti\u00e8re.<\/p>\n<p>Dans la perspective du Sommet sur les Objectifs de d\u00e9veloppement durable de 2027 et du programme de d\u00e9veloppement pour l\u2019apr\u00e8s-2030, trois priorit\u00e9s ont notamment \u00e9t\u00e9 mises en avant\u00a0:<\/p>\n<ul>\n<li>aider les pays \u00e0 utiliser plus efficacement les informations g\u00e9ospatiales\u00a0;<\/li>\n<li>d\u00e9montrer la valeur ajout\u00e9e des investissements dans les capacit\u00e9s g\u00e9ospatiales nationales\u00a0;<\/li>\n<li>int\u00e9grer pleinement les informations g\u00e9ospatiales dans l\u2019\u00e9cosyst\u00e8me plus large des donn\u00e9es et des statistiques.<\/li>\n<\/ul>\n<p>Cette vision cadre parfaitement avec le r\u00f4le que joue l\u2019IGN en tant que g\u00e9obroker f\u00e9d\u00e9ral\u00a0: garantir l\u2019acc\u00e8s \u00e0 des informations g\u00e9ographiques fiables et interop\u00e9rables, faciliter leur int\u00e9gration avec d\u2019autres sources de donn\u00e9es et contribuer \u00e0 leur utilisation pour des d\u00e9cisions politiques fond\u00e9es.<\/p>\n<p>Les informations g\u00e9ospatiales constituent en effet un levier essentiel pour la r\u00e9alisation des Objectifs de d\u00e9veloppement durable, la r\u00e9silience climatique, la r\u00e9duction des risques de catastrophes, l\u2019am\u00e9nagement du territoire et la mise en place de services publics efficaces et performants. Leur pleine valeur ne se r\u00e9v\u00e8le que lorsque ces informations sont int\u00e9gr\u00e9es dans les politiques, les infrastructures et les investissements qui mod\u00e8lent notre cadre de vie.<\/p>\n<p>En facilitant la participation d\u2019Alexander De Croo \u00e0 cette r\u00e9union et en contribuant activement aux travaux de l\u2019UN-GGIM, l\u2019IGN contribue \u00e0 promouvoir l\u2019expertise belge \u00e0 l\u2019\u00e9chelle internationale et \u00e0 renforcer le r\u00f4le de l\u2019information g\u00e9ospatiale dans les politiques publiques, tant au niveau national qu\u2019international.<\/p>\n<p><img loading=\"lazy\" decoding=\"async\" class=\"alignnone size-full wp-image-22155\" src=\"https:\/\/ngi.be\/app\/uploads\/2026\/08\/1785959355204.jpg\" alt=\"\" width=\"1920\" height=\"1280\" srcset=\"https:\/\/ngi.be\/app\/uploads\/2026\/08\/1785959355204.jpg 1920w, https:\/\/ngi.be\/app\/uploads\/2026\/08\/1785959355204-300x200.jpg 300w, https:\/\/ngi.be\/app\/uploads\/2026\/08\/1785959355204-1024x683.jpg 1024w, https:\/\/ngi.be\/app\/uploads\/2026\/08\/1785959355204-768x512.jpg 768w, https:\/\/ngi.be\/app\/uploads\/2026\/08\/1785959355204-1536x1024.jpg 1536w, https:\/\/ngi.be\/app\/uploads\/2026\/08\/1785959355204-1200x800.jpg 1200w, https:\/\/ngi.be\/app\/uploads\/2026\/08\/1785959355204-220x147.jpg 220w, https:\/\/ngi.be\/app\/uploads\/2026\/08\/1785959355204-525x350.jpg 525w\" sizes=\"auto, (max-width: 1920px) 100vw, 1920px\" \/><\/p>\n","protected":false},"excerpt":{"rendered":"<p>Dans le cadre de la semaine de l\u2019UN-GGIM \u00e0 New York, l\u2019IGN a \u0153uvr\u00e9 \u00e0 la participation d\u2019Alexander De Croo, administrateur du Programme des Nations unies pour le d\u00e9veloppement (PNUD), \u00e0 la manifestation parall\u00e8le de haut niveau sur l\u2019information g\u00e9ospatiale au service du d\u00e9veloppement durable. Cette manifestation s\u2019est tenue en marge de la 16e\u00a0session du&#8230;<\/p>\n","protected":false},"author":13,"featured_media":22151,"comment_status":"closed","ping_status":"closed","sticky":false,"template":"","format":"standard","meta":{"_acf_changed":false,"footnotes":""},"categories":[13],"tags":[],"class_list":["post-22179","post","type-post","status-publish","format-standard","has-post-thumbnail","hentry","category-non-classifiee"],"acf":[],"yoast_head":"<!-- This site is optimized with the Yoast SEO plugin v28.4 - https:\/\/yoast.com\/product\/yoast-seo-wordpress\/ -->\n<title>L\u2019IGN contribue \u00e0 la manifestation parall\u00e8le de haut niveau sur l\u2019information g\u00e9ospatiale au service du d\u00e9veloppement durable - IGN<\/title>\n<meta name=\"robots\" content=\"index, follow, max-snippet:-1, max-image-preview:large, max-video-preview:-1\" \/>\n<link rel=\"canonical\" href=\"https:\/\/ngi.be\/fr\/lign-contribue-a-la-manifestation-parallele-de-haut-niveau-sur-linformation-geospatiale-au-service-du-developpement-durable\/\" \/>\n<meta property=\"og:locale\" content=\"fr_FR\" \/>\n<meta property=\"og:type\" content=\"article\" \/>\n<meta property=\"og:title\" content=\"L\u2019IGN contribue \u00e0 la manifestation parall\u00e8le de haut niveau sur l\u2019information g\u00e9ospatiale au service du d\u00e9veloppement durable - IGN\" \/>\n<meta property=\"og:description\" content=\"Dans le cadre de la semaine de l\u2019UN-GGIM \u00e0 New York, l\u2019IGN a \u0153uvr\u00e9 \u00e0 la participation d\u2019Alexander De Croo, administrateur du Programme des Nations unies pour le d\u00e9veloppement (PNUD), \u00e0 la manifestation parall\u00e8le de haut niveau sur l\u2019information g\u00e9ospatiale au service du d\u00e9veloppement durable. Cette manifestation s\u2019est tenue en marge de la 16e\u00a0session du...\" \/>\n<meta property=\"og:url\" content=\"https:\/\/ngi.be\/fr\/lign-contribue-a-la-manifestation-parallele-de-haut-niveau-sur-linformation-geospatiale-au-service-du-developpement-durable\/\" \/>\n<meta property=\"og:site_name\" content=\"IGN\" \/>\n<meta property=\"article:published_time\" content=\"2026-08-24T16:26:33+00:00\" \/>\n<meta property=\"og:image\" content=\"https:\/\/ngi.be\/app\/uploads\/2026\/08\/1785959352749.jpg\" \/>\n\t<meta property=\"og:image:width\" content=\"1920\" \/>\n\t<meta property=\"og:image:height\" content=\"1280\" \/>\n\t<meta property=\"og:image:type\" content=\"image\/jpeg\" \/>\n<meta name=\"author\" content=\"Sandrine\" \/>\n<meta name=\"twitter:card\" content=\"summary_large_image\" \/>\n<meta name=\"twitter:label1\" content=\"Written by\" \/>\n\t<meta name=\"twitter:data1\" content=\"Sandrine\" \/>\n\t<meta name=\"twitter:label2\" content=\"Est. reading time\" \/>\n\t<meta name=\"twitter:data2\" content=\"4 minutes\" \/>\n<script type=\"application\/ld+json\" class=\"yoast-schema-graph\">{\"@context\":\"https:\\\/\\\/schema.org\",\"@graph\":[{\"@type\":\"Article\",\"@id\":\"https:\\\/\\\/ngi.be\\\/fr\\\/lign-contribue-a-la-manifestation-parallele-de-haut-niveau-sur-linformation-geospatiale-au-service-du-developpement-durable\\\/#article\",\"isPartOf\":{\"@id\":\"https:\\\/\\\/ngi.be\\\/fr\\\/lign-contribue-a-la-manifestation-parallele-de-haut-niveau-sur-linformation-geospatiale-au-service-du-developpement-durable\\\/\"},\"author\":{\"name\":\"Sandrine\",\"@id\":\"https:\\\/\\\/ngi.be\\\/#\\\/schema\\\/person\\\/f8589e2a7024fcd16fa013b6d179d526\"},\"headline\":\"L\u2019IGN contribue \u00e0 la manifestation parall\u00e8le de haut niveau sur l\u2019information g\u00e9ospatiale au service du d\u00e9veloppement durable\",\"datePublished\":\"2026-08-24T16:26:33+00:00\",\"mainEntityOfPage\":{\"@id\":\"https:\\\/\\\/ngi.be\\\/fr\\\/lign-contribue-a-la-manifestation-parallele-de-haut-niveau-sur-linformation-geospatiale-au-service-du-developpement-durable\\\/\"},\"wordCount\":787,\"image\":{\"@id\":\"https:\\\/\\\/ngi.be\\\/fr\\\/lign-contribue-a-la-manifestation-parallele-de-haut-niveau-sur-linformation-geospatiale-au-service-du-developpement-durable\\\/#primaryimage\"},\"thumbnailUrl\":\"https:\\\/\\\/ngi.be\\\/app\\\/uploads\\\/2026\\\/08\\\/1785959352749.jpg\",\"articleSection\":[\"Non classifi\u00e9(e)\"],\"inLanguage\":\"fr-FR\"},{\"@type\":\"WebPage\",\"@id\":\"https:\\\/\\\/ngi.be\\\/fr\\\/lign-contribue-a-la-manifestation-parallele-de-haut-niveau-sur-linformation-geospatiale-au-service-du-developpement-durable\\\/\",\"url\":\"https:\\\/\\\/ngi.be\\\/fr\\\/lign-contribue-a-la-manifestation-parallele-de-haut-niveau-sur-linformation-geospatiale-au-service-du-developpement-durable\\\/\",\"name\":\"L\u2019IGN contribue \u00e0 la manifestation parall\u00e8le de haut niveau sur l\u2019information g\u00e9ospatiale au service du d\u00e9veloppement durable - IGN\",\"isPartOf\":{\"@id\":\"https:\\\/\\\/ngi.be\\\/#website\"},\"primaryImageOfPage\":{\"@id\":\"https:\\\/\\\/ngi.be\\\/fr\\\/lign-contribue-a-la-manifestation-parallele-de-haut-niveau-sur-linformation-geospatiale-au-service-du-developpement-durable\\\/#primaryimage\"},\"image\":{\"@id\":\"https:\\\/\\\/ngi.be\\\/fr\\\/lign-contribue-a-la-manifestation-parallele-de-haut-niveau-sur-linformation-geospatiale-au-service-du-developpement-durable\\\/#primaryimage\"},\"thumbnailUrl\":\"https:\\\/\\\/ngi.be\\\/app\\\/uploads\\\/2026\\\/08\\\/1785959352749.jpg\",\"datePublished\":\"2026-08-24T16:26:33+00:00\",\"author\":{\"@id\":\"https:\\\/\\\/ngi.be\\\/#\\\/schema\\\/person\\\/f8589e2a7024fcd16fa013b6d179d526\"},\"breadcrumb\":{\"@id\":\"https:\\\/\\\/ngi.be\\\/fr\\\/lign-contribue-a-la-manifestation-parallele-de-haut-niveau-sur-linformation-geospatiale-au-service-du-developpement-durable\\\/#breadcrumb\"},\"inLanguage\":\"fr-FR\",\"potentialAction\":[{\"@type\":\"ReadAction\",\"target\":[\"https:\\\/\\\/ngi.be\\\/fr\\\/lign-contribue-a-la-manifestation-parallele-de-haut-niveau-sur-linformation-geospatiale-au-service-du-developpement-durable\\\/\"]}]},{\"@type\":\"ImageObject\",\"inLanguage\":\"fr-FR\",\"@id\":\"https:\\\/\\\/ngi.be\\\/fr\\\/lign-contribue-a-la-manifestation-parallele-de-haut-niveau-sur-linformation-geospatiale-au-service-du-developpement-durable\\\/#primaryimage\",\"url\":\"https:\\\/\\\/ngi.be\\\/app\\\/uploads\\\/2026\\\/08\\\/1785959352749.jpg\",\"contentUrl\":\"https:\\\/\\\/ngi.be\\\/app\\\/uploads\\\/2026\\\/08\\\/1785959352749.jpg\",\"width\":1920,\"height\":1280,\"caption\":\"alt=\\\"\\\"\"},{\"@type\":\"BreadcrumbList\",\"@id\":\"https:\\\/\\\/ngi.be\\\/fr\\\/lign-contribue-a-la-manifestation-parallele-de-haut-niveau-sur-linformation-geospatiale-au-service-du-developpement-durable\\\/#breadcrumb\",\"itemListElement\":[{\"@type\":\"ListItem\",\"position\":1,\"name\":\"Home\",\"item\":\"https:\\\/\\\/ngi.be\\\/fr\\\/\"},{\"@type\":\"ListItem\",\"position\":2,\"name\":\"L\u2019IGN contribue \u00e0 la manifestation parall\u00e8le de haut niveau sur l\u2019information g\u00e9ospatiale au service du d\u00e9veloppement durable\"}]},{\"@type\":\"WebSite\",\"@id\":\"https:\\\/\\\/ngi.be\\\/#website\",\"url\":\"https:\\\/\\\/ngi.be\\\/\",\"name\":\"IGN\",\"description\":\"Cartes topographiques et bases de donn\u00e9es, photos a\u00e9riennes\",\"potentialAction\":[{\"@type\":\"SearchAction\",\"target\":{\"@type\":\"EntryPoint\",\"urlTemplate\":\"https:\\\/\\\/ngi.be\\\/?s={search_term_string}\"},\"query-input\":{\"@type\":\"PropertyValueSpecification\",\"valueRequired\":true,\"valueName\":\"search_term_string\"}}],\"inLanguage\":\"fr-FR\"},{\"@type\":\"Person\",\"@id\":\"https:\\\/\\\/ngi.be\\\/#\\\/schema\\\/person\\\/f8589e2a7024fcd16fa013b6d179d526\",\"name\":\"Sandrine\",\"image\":{\"@type\":\"ImageObject\",\"inLanguage\":\"fr-FR\",\"@id\":\"https:\\\/\\\/secure.gravatar.com\\\/avatar\\\/8bab42386a943719e3cac31ed7bd293dbc489dcdef08af700274d68718a13dfa?s=96&d=mm&r=g\",\"url\":\"https:\\\/\\\/secure.gravatar.com\\\/avatar\\\/8bab42386a943719e3cac31ed7bd293dbc489dcdef08af700274d68718a13dfa?s=96&d=mm&r=g\",\"contentUrl\":\"https:\\\/\\\/secure.gravatar.com\\\/avatar\\\/8bab42386a943719e3cac31ed7bd293dbc489dcdef08af700274d68718a13dfa?s=96&d=mm&r=g\",\"caption\":\"Sandrine\"}}]}<\/script>\n<!-- \/ Yoast SEO plugin. -->","yoast_head_json":{"title":"L\u2019IGN contribue \u00e0 la manifestation parall\u00e8le de haut niveau sur l\u2019information g\u00e9ospatiale au service du d\u00e9veloppement durable - IGN","robots":{"index":"index","follow":"follow","max-snippet":"max-snippet:-1","max-image-preview":"max-image-preview:large","max-video-preview":"max-video-preview:-1"},"canonical":"https:\/\/ngi.be\/fr\/lign-contribue-a-la-manifestation-parallele-de-haut-niveau-sur-linformation-geospatiale-au-service-du-developpement-durable\/","og_locale":"fr_FR","og_type":"article","og_title":"L\u2019IGN contribue \u00e0 la manifestation parall\u00e8le de haut niveau sur l\u2019information g\u00e9ospatiale au service du d\u00e9veloppement durable - IGN","og_description":"Dans le cadre de la semaine de l\u2019UN-GGIM \u00e0 New York, l\u2019IGN a \u0153uvr\u00e9 \u00e0 la participation d\u2019Alexander De Croo, administrateur du Programme des Nations unies pour le d\u00e9veloppement (PNUD), \u00e0 la manifestation parall\u00e8le de haut niveau sur l\u2019information g\u00e9ospatiale au service du d\u00e9veloppement durable. Cette manifestation s\u2019est tenue en marge de la 16e\u00a0session du...","og_url":"https:\/\/ngi.be\/fr\/lign-contribue-a-la-manifestation-parallele-de-haut-niveau-sur-linformation-geospatiale-au-service-du-developpement-durable\/","og_site_name":"IGN","article_published_time":"2026-08-24T16:26:33+00:00","og_image":[{"width":1920,"height":1280,"url":"https:\/\/ngi.be\/app\/uploads\/2026\/08\/1785959352749.jpg","type":"image\/jpeg"}],"author":"Sandrine","twitter_card":"summary_large_image","twitter_misc":{"Written by":"Sandrine","Est. reading time":"4 minutes"},"schema":{"@context":"https:\/\/schema.org","@graph":[{"@type":"Article","@id":"https:\/\/ngi.be\/fr\/lign-contribue-a-la-manifestation-parallele-de-haut-niveau-sur-linformation-geospatiale-au-service-du-developpement-durable\/#article","isPartOf":{"@id":"https:\/\/ngi.be\/fr\/lign-contribue-a-la-manifestation-parallele-de-haut-niveau-sur-linformation-geospatiale-au-service-du-developpement-durable\/"},"author":{"name":"Sandrine","@id":"https:\/\/ngi.be\/#\/schema\/person\/f8589e2a7024fcd16fa013b6d179d526"},"headline":"L\u2019IGN contribue \u00e0 la manifestation parall\u00e8le de haut niveau sur l\u2019information g\u00e9ospatiale au service du d\u00e9veloppement durable","datePublished":"2026-08-24T16:26:33+00:00","mainEntityOfPage":{"@id":"https:\/\/ngi.be\/fr\/lign-contribue-a-la-manifestation-parallele-de-haut-niveau-sur-linformation-geospatiale-au-service-du-developpement-durable\/"},"wordCount":787,"image":{"@id":"https:\/\/ngi.be\/fr\/lign-contribue-a-la-manifestation-parallele-de-haut-niveau-sur-linformation-geospatiale-au-service-du-developpement-durable\/#primaryimage"},"thumbnailUrl":"https:\/\/ngi.be\/app\/uploads\/2026\/08\/1785959352749.jpg","articleSection":["Non classifi\u00e9(e)"],"inLanguage":"fr-FR"},{"@type":"WebPage","@id":"https:\/\/ngi.be\/fr\/lign-contribue-a-la-manifestation-parallele-de-haut-niveau-sur-linformation-geospatiale-au-service-du-developpement-durable\/","url":"https:\/\/ngi.be\/fr\/lign-contribue-a-la-manifestation-parallele-de-haut-niveau-sur-linformation-geospatiale-au-service-du-developpement-durable\/","name":"L\u2019IGN contribue \u00e0 la manifestation parall\u00e8le de haut niveau sur l\u2019information g\u00e9ospatiale au service du d\u00e9veloppement durable - IGN","isPartOf":{"@id":"https:\/\/ngi.be\/#website"},"primaryImageOfPage":{"@id":"https:\/\/ngi.be\/fr\/lign-contribue-a-la-manifestation-parallele-de-haut-niveau-sur-linformation-geospatiale-au-service-du-developpement-durable\/#primaryimage"},"image":{"@id":"https:\/\/ngi.be\/fr\/lign-contribue-a-la-manifestation-parallele-de-haut-niveau-sur-linformation-geospatiale-au-service-du-developpement-durable\/#primaryimage"},"thumbnailUrl":"https:\/\/ngi.be\/app\/uploads\/2026\/08\/1785959352749.jpg","datePublished":"2026-08-24T16:26:33+00:00","author":{"@id":"https:\/\/ngi.be\/#\/schema\/person\/f8589e2a7024fcd16fa013b6d179d526"},"breadcrumb":{"@id":"https:\/\/ngi.be\/fr\/lign-contribue-a-la-manifestation-parallele-de-haut-niveau-sur-linformation-geospatiale-au-service-du-developpement-durable\/#breadcrumb"},"inLanguage":"fr-FR","potentialAction":[{"@type":"ReadAction","target":["https:\/\/ngi.be\/fr\/lign-contribue-a-la-manifestation-parallele-de-haut-niveau-sur-linformation-geospatiale-au-service-du-developpement-durable\/"]}]},{"@type":"ImageObject","inLanguage":"fr-FR","@id":"https:\/\/ngi.be\/fr\/lign-contribue-a-la-manifestation-parallele-de-haut-niveau-sur-linformation-geospatiale-au-service-du-developpement-durable\/#primaryimage","url":"https:\/\/ngi.be\/app\/uploads\/2026\/08\/1785959352749.jpg","contentUrl":"https:\/\/ngi.be\/app\/uploads\/2026\/08\/1785959352749.jpg","width":1920,"height":1280,"caption":"alt=\"\""},{"@type":"BreadcrumbList","@id":"https:\/\/ngi.be\/fr\/lign-contribue-a-la-manifestation-parallele-de-haut-niveau-sur-linformation-geospatiale-au-service-du-developpement-durable\/#breadcrumb","itemListElement":[{"@type":"ListItem","position":1,"name":"Home","item":"https:\/\/ngi.be\/fr\/"},{"@type":"ListItem","position":2,"name":"L\u2019IGN contribue \u00e0 la manifestation parall\u00e8le de haut niveau sur l\u2019information g\u00e9ospatiale au service du d\u00e9veloppement durable"}]},{"@type":"WebSite","@id":"https:\/\/ngi.be\/#website","url":"https:\/\/ngi.be\/","name":"IGN","description":"Cartes topographiques et bases de donn\u00e9es, photos a\u00e9riennes","potentialAction":[{"@type":"SearchAction","target":{"@type":"EntryPoint","urlTemplate":"https:\/\/ngi.be\/?s={search_term_string}"},"query-input":{"@type":"PropertyValueSpecification","valueRequired":true,"valueName":"search_term_string"}}],"inLanguage":"fr-FR"},{"@type":"Person","@id":"https:\/\/ngi.be\/#\/schema\/person\/f8589e2a7024fcd16fa013b6d179d526","name":"Sandrine","image":{"@type":"ImageObject","inLanguage":"fr-FR","@id":"https:\/\/secure.gravatar.com\/avatar\/8bab42386a943719e3cac31ed7bd293dbc489dcdef08af700274d68718a13dfa?s=96&d=mm&r=g","url":"https:\/\/secure.gravatar.com\/avatar\/8bab42386a943719e3cac31ed7bd293dbc489dcdef08af700274d68718a13dfa?s=96&d=mm&r=g","contentUrl":"https:\/\/secure.gravatar.com\/avatar\/8bab42386a943719e3cac31ed7bd293dbc489dcdef08af700274d68718a13dfa?s=96&d=mm&r=g","caption":"Sandrine"}}]}},"date_formatted":"24\/08\/2026","_links":{"self":[{"href":"https:\/\/ngi.be\/fr\/wp-json\/wp\/v2\/posts\/22179","targetHints":{"allow":["GET"]}}],"collection":[{"href":"https:\/\/ngi.be\/fr\/wp-json\/wp\/v2\/posts"}],"about":[{"href":"https:\/\/ngi.be\/fr\/wp-json\/wp\/v2\/types\/post"}],"author":[{"embeddable":true,"href":"https:\/\/ngi.be\/fr\/wp-json\/wp\/v2\/users\/13"}],"replies":[{"embeddable":true,"href":"https:\/\/ngi.be\/fr\/wp-json\/wp\/v2\/comments?post=22179"}],"version-history":[{"count":1,"href":"https:\/\/ngi.be\/fr\/wp-json\/wp\/v2\/posts\/22179\/revisions"}],"predecessor-version":[{"id":22180,"href":"https:\/\/ngi.be\/fr\/wp-json\/wp\/v2\/posts\/22179\/revisions\/22180"}],"wp:featuredmedia":[{"embeddable":true,"href":"https:\/\/ngi.be\/fr\/wp-json\/wp\/v2\/media\/22151"}],"wp:attachment":[{"href":"https:\/\/ngi.be\/fr\/wp-json\/wp\/v2\/media?parent=22179"}],"wp:term":[{"taxonomy":"category","embeddable":true,"href":"https:\/\/ngi.be\/fr\/wp-json\/wp\/v2\/categories?post=22179"},{"taxonomy":"post_tag","embeddable":true,"href":"https:\/\/ngi.be\/fr\/wp-json\/wp\/v2\/tags?post=22179"}],"curies":[{"name":"wp","href":"https:\/\/api.w.org\/{rel}","templated":true}]}}