{"id":22195,"date":"2026-08-28T13:06:43","date_gmt":"2026-08-28T11:06:43","guid":{"rendered":"https:\/\/ngi.be\/?p=22195"},"modified":"2026-08-28T13:06:43","modified_gmt":"2026-08-28T11:06:43","slug":"une-collection-exceptionnelle-de-photographies-aeriennes-rejoint-les-archives-de-lign","status":"publish","type":"post","link":"https:\/\/ngi.be\/une-collection-exceptionnelle-de-photographies-aeriennes-rejoint-les-archives-de-lign","title":{"rendered":"Une collection exceptionnelle de photographies a\u00e9riennes rejoint les archives de l\u2019IGN"},"content":{"rendered":"<h5>L\u2019IGN a r\u00e9cemment re\u00e7u un don exceptionnel d\u2019Eurosense : une vaste collection historique de photographies a\u00e9riennes t\u00e9moignant de plusieurs d\u00e9cennies d\u2019observation du territoire belge. Cette collection, issue de pr\u00e8s de 2 000 vols r\u00e9alis\u00e9s entre 1967 et 2006, vient d\u2019\u00eatre transf\u00e9r\u00e9e dans les archives de l&#8217;IGN.<\/h5>\n<p><!--more--><\/p>\n<p><span data-contrast=\"auto\">Eurosense, l\u2019une des principales entreprises europ\u00e9ennes dans le domaine du relev\u00e9 a\u00e9rien, de la t\u00e9l\u00e9d\u00e9tection et des donn\u00e9es g\u00e9ographiques depuis 1964, a ainsi contribu\u00e9 \u00e0 constituer une importante m\u00e9moire photographique du territoire belge.<\/span><span data-ccp-props=\"{&quot;335551550&quot;:6,&quot;335551620&quot;:6}\">\u00a0<\/span><\/p>\n<p><span data-contrast=\"auto\">Avec environ 300 000 photographies a\u00e9riennes de la Belgique, comprises dans 6 000 bo\u00eetes de n\u00e9gatifs et pr\u00e8s de 300 rouleaux de films, ce fonds repr\u00e9sente un patrimoine documentaire d\u2019une grande richesse. Il offre un regard unique sur l\u2019\u00e9volution du paysage belge et permettra notamment, \u00e0 terme, de documenter les transformations urbaines, rurales et environnementales du territoire au fil des d\u00e9cennies.<\/span><span data-ccp-props=\"{&quot;335551550&quot;:6,&quot;335551620&quot;:6}\">\u00a0<\/span><\/p>\n<p><b><span data-contrast=\"auto\">Un patrimoine pour les g\u00e9n\u00e9rations futures<\/span><\/b><span data-ccp-props=\"{&quot;335551550&quot;:6,&quot;335551620&quot;:6}\">\u00a0<\/span><\/p>\n<p><span data-contrast=\"auto\"><img loading=\"lazy\" decoding=\"async\" class=\"size-full wp-image-22186 alignleft\" src=\"https:\/\/ngi.be\/app\/uploads\/2026\/08\/Picture1.jpg\" alt=\"alt=&quot;&quot;\" width=\"486\" height=\"647\" srcset=\"https:\/\/ngi.be\/app\/uploads\/2026\/08\/Picture1.jpg 486w, https:\/\/ngi.be\/app\/uploads\/2026\/08\/Picture1-225x300.jpg 225w, https:\/\/ngi.be\/app\/uploads\/2026\/08\/Picture1-165x220.jpg 165w, https:\/\/ngi.be\/app\/uploads\/2026\/08\/Picture1-263x350.jpg 263w\" sizes=\"auto, (max-width: 486px) 100vw, 486px\" \/>L\u2019IGN souhaite pr\u00e9server et valoriser ce patrimoine photographique sur le long terme. Une premi\u00e8re \u00e9tape consistera \u00e0 r\u00e9aliser un inventaire complet de la collection et une analyse de faisabilit\u00e9 en vue de sa conservation et de sa num\u00e9risation. \u00c0 terme, l\u2019objectif est de rendre ces archives accessibles au plus grand nombre, notamment aux chercheurs, aux institutions et au grand public.\u00a0<\/span><span data-ccp-props=\"{&quot;335551550&quot;:6,&quot;335551620&quot;:6}\">\u00a0<\/span><\/p>\n<p><span data-contrast=\"auto\">L\u2019IGN tient \u00e0 remercier chaleureusement Eurosense pour la confiance accord\u00e9e et pour ses efforts en faveur de la pr\u00e9servation de cette collection exceptionnelle. Son transfert \u00e0 l\u2019IGN constitue une \u00e9tape importante pour assurer la conservation de ce patrimoine et permettre, \u00e0 terme, sa valorisation au b\u00e9n\u00e9fice des g\u00e9n\u00e9rations futures.<\/span><\/p>\n","protected":false},"excerpt":{"rendered":"<p>L\u2019IGN a r\u00e9cemment re\u00e7u un don exceptionnel d\u2019Eurosense : une vaste collection historique de photographies a\u00e9riennes t\u00e9moignant de plusieurs d\u00e9cennies d\u2019observation du territoire belge. Cette collection, issue de pr\u00e8s de 2 000 vols r\u00e9alis\u00e9s entre 1967 et 2006, vient d\u2019\u00eatre transf\u00e9r\u00e9e dans les archives de l&#8217;IGN.<\/p>\n","protected":false},"author":13,"featured_media":22190,"comment_status":"closed","ping_status":"closed","sticky":false,"template":"","format":"standard","meta":{"_acf_changed":false,"footnotes":""},"categories":[13],"tags":[],"class_list":["post-22195","post","type-post","status-publish","format-standard","has-post-thumbnail","hentry","category-non-classifiee"],"acf":[],"yoast_head":"<!-- This site is optimized with the Yoast SEO plugin v28.4 - https:\/\/yoast.com\/product\/yoast-seo-wordpress\/ -->\n<title>Une collection exceptionnelle de photographies a\u00e9riennes rejoint les archives de l\u2019IGN - IGN<\/title>\n<meta name=\"robots\" content=\"index, follow, max-snippet:-1, max-image-preview:large, max-video-preview:-1\" \/>\n<link rel=\"canonical\" href=\"https:\/\/ngi.be\/fr\/une-collection-exceptionnelle-de-photographies-aeriennes-rejoint-les-archives-de-lign\/\" \/>\n<meta property=\"og:locale\" content=\"fr_FR\" \/>\n<meta property=\"og:type\" content=\"article\" \/>\n<meta property=\"og:title\" content=\"Une collection exceptionnelle de photographies a\u00e9riennes rejoint les archives de l\u2019IGN - IGN\" \/>\n<meta property=\"og:description\" content=\"L\u2019IGN a r\u00e9cemment re\u00e7u un don exceptionnel d\u2019Eurosense : une vaste collection historique de photographies a\u00e9riennes t\u00e9moignant de plusieurs d\u00e9cennies d\u2019observation du territoire belge. Cette collection, issue de pr\u00e8s de 2 000 vols r\u00e9alis\u00e9s entre 1967 et 2006, vient d\u2019\u00eatre transf\u00e9r\u00e9e dans les archives de l&#8217;IGN.\" \/>\n<meta property=\"og:url\" content=\"https:\/\/ngi.be\/fr\/une-collection-exceptionnelle-de-photographies-aeriennes-rejoint-les-archives-de-lign\/\" \/>\n<meta property=\"og:site_name\" content=\"IGN\" \/>\n<meta property=\"article:published_time\" content=\"2026-08-28T11:06:43+00:00\" \/>\n<meta property=\"og:image\" content=\"https:\/\/ngi.be\/app\/uploads\/2026\/08\/Picture2.jpg\" \/>\n\t<meta property=\"og:image:width\" content=\"486\" \/>\n\t<meta property=\"og:image:height\" content=\"647\" \/>\n\t<meta property=\"og:image:type\" content=\"image\/jpeg\" \/>\n<meta name=\"author\" content=\"Sandrine\" \/>\n<meta name=\"twitter:card\" content=\"summary_large_image\" \/>\n<meta name=\"twitter:label1\" content=\"Written by\" \/>\n\t<meta name=\"twitter:data1\" content=\"Sandrine\" \/>\n\t<meta name=\"twitter:label2\" content=\"Est. reading time\" \/>\n\t<meta name=\"twitter:data2\" content=\"2 minutes\" \/>\n<script type=\"application\/ld+json\" class=\"yoast-schema-graph\">{\"@context\":\"https:\\\/\\\/schema.org\",\"@graph\":[{\"@type\":\"Article\",\"@id\":\"https:\\\/\\\/ngi.be\\\/fr\\\/une-collection-exceptionnelle-de-photographies-aeriennes-rejoint-les-archives-de-lign\\\/#article\",\"isPartOf\":{\"@id\":\"https:\\\/\\\/ngi.be\\\/fr\\\/une-collection-exceptionnelle-de-photographies-aeriennes-rejoint-les-archives-de-lign\\\/\"},\"author\":{\"name\":\"Sandrine\",\"@id\":\"https:\\\/\\\/ngi.be\\\/#\\\/schema\\\/person\\\/f8589e2a7024fcd16fa013b6d179d526\"},\"headline\":\"Une collection exceptionnelle de photographies a\u00e9riennes rejoint les archives de l\u2019IGN\",\"datePublished\":\"2026-08-28T11:06:43+00:00\",\"mainEntityOfPage\":{\"@id\":\"https:\\\/\\\/ngi.be\\\/fr\\\/une-collection-exceptionnelle-de-photographies-aeriennes-rejoint-les-archives-de-lign\\\/\"},\"wordCount\":298,\"image\":{\"@id\":\"https:\\\/\\\/ngi.be\\\/fr\\\/une-collection-exceptionnelle-de-photographies-aeriennes-rejoint-les-archives-de-lign\\\/#primaryimage\"},\"thumbnailUrl\":\"https:\\\/\\\/ngi.be\\\/app\\\/uploads\\\/2026\\\/08\\\/Picture2.jpg\",\"articleSection\":[\"Non classifi\u00e9(e)\"],\"inLanguage\":\"fr-FR\"},{\"@type\":\"WebPage\",\"@id\":\"https:\\\/\\\/ngi.be\\\/fr\\\/une-collection-exceptionnelle-de-photographies-aeriennes-rejoint-les-archives-de-lign\\\/\",\"url\":\"https:\\\/\\\/ngi.be\\\/fr\\\/une-collection-exceptionnelle-de-photographies-aeriennes-rejoint-les-archives-de-lign\\\/\",\"name\":\"Une collection exceptionnelle de photographies a\u00e9riennes rejoint les archives de l\u2019IGN - IGN\",\"isPartOf\":{\"@id\":\"https:\\\/\\\/ngi.be\\\/#website\"},\"primaryImageOfPage\":{\"@id\":\"https:\\\/\\\/ngi.be\\\/fr\\\/une-collection-exceptionnelle-de-photographies-aeriennes-rejoint-les-archives-de-lign\\\/#primaryimage\"},\"image\":{\"@id\":\"https:\\\/\\\/ngi.be\\\/fr\\\/une-collection-exceptionnelle-de-photographies-aeriennes-rejoint-les-archives-de-lign\\\/#primaryimage\"},\"thumbnailUrl\":\"https:\\\/\\\/ngi.be\\\/app\\\/uploads\\\/2026\\\/08\\\/Picture2.jpg\",\"datePublished\":\"2026-08-28T11:06:43+00:00\",\"author\":{\"@id\":\"https:\\\/\\\/ngi.be\\\/#\\\/schema\\\/person\\\/f8589e2a7024fcd16fa013b6d179d526\"},\"breadcrumb\":{\"@id\":\"https:\\\/\\\/ngi.be\\\/fr\\\/une-collection-exceptionnelle-de-photographies-aeriennes-rejoint-les-archives-de-lign\\\/#breadcrumb\"},\"inLanguage\":\"fr-FR\",\"potentialAction\":[{\"@type\":\"ReadAction\",\"target\":[\"https:\\\/\\\/ngi.be\\\/fr\\\/une-collection-exceptionnelle-de-photographies-aeriennes-rejoint-les-archives-de-lign\\\/\"]}]},{\"@type\":\"ImageObject\",\"inLanguage\":\"fr-FR\",\"@id\":\"https:\\\/\\\/ngi.be\\\/fr\\\/une-collection-exceptionnelle-de-photographies-aeriennes-rejoint-les-archives-de-lign\\\/#primaryimage\",\"url\":\"https:\\\/\\\/ngi.be\\\/app\\\/uploads\\\/2026\\\/08\\\/Picture2.jpg\",\"contentUrl\":\"https:\\\/\\\/ngi.be\\\/app\\\/uploads\\\/2026\\\/08\\\/Picture2.jpg\",\"width\":486,\"height\":647,\"caption\":\"alt=\\\"\\\"\"},{\"@type\":\"BreadcrumbList\",\"@id\":\"https:\\\/\\\/ngi.be\\\/fr\\\/une-collection-exceptionnelle-de-photographies-aeriennes-rejoint-les-archives-de-lign\\\/#breadcrumb\",\"itemListElement\":[{\"@type\":\"ListItem\",\"position\":1,\"name\":\"Home\",\"item\":\"https:\\\/\\\/ngi.be\\\/fr\\\/\"},{\"@type\":\"ListItem\",\"position\":2,\"name\":\"Une collection exceptionnelle de photographies a\u00e9riennes rejoint les archives de l\u2019IGN\"}]},{\"@type\":\"WebSite\",\"@id\":\"https:\\\/\\\/ngi.be\\\/#website\",\"url\":\"https:\\\/\\\/ngi.be\\\/\",\"name\":\"IGN\",\"description\":\"Cartes topographiques et bases de donn\u00e9es, photos a\u00e9riennes\",\"potentialAction\":[{\"@type\":\"SearchAction\",\"target\":{\"@type\":\"EntryPoint\",\"urlTemplate\":\"https:\\\/\\\/ngi.be\\\/?s={search_term_string}\"},\"query-input\":{\"@type\":\"PropertyValueSpecification\",\"valueRequired\":true,\"valueName\":\"search_term_string\"}}],\"inLanguage\":\"fr-FR\"},{\"@type\":\"Person\",\"@id\":\"https:\\\/\\\/ngi.be\\\/#\\\/schema\\\/person\\\/f8589e2a7024fcd16fa013b6d179d526\",\"name\":\"Sandrine\",\"image\":{\"@type\":\"ImageObject\",\"inLanguage\":\"fr-FR\",\"@id\":\"https:\\\/\\\/secure.gravatar.com\\\/avatar\\\/8bab42386a943719e3cac31ed7bd293dbc489dcdef08af700274d68718a13dfa?s=96&d=mm&r=g\",\"url\":\"https:\\\/\\\/secure.gravatar.com\\\/avatar\\\/8bab42386a943719e3cac31ed7bd293dbc489dcdef08af700274d68718a13dfa?s=96&d=mm&r=g\",\"contentUrl\":\"https:\\\/\\\/secure.gravatar.com\\\/avatar\\\/8bab42386a943719e3cac31ed7bd293dbc489dcdef08af700274d68718a13dfa?s=96&d=mm&r=g\",\"caption\":\"Sandrine\"}}]}<\/script>\n<!-- \/ Yoast SEO plugin. -->","yoast_head_json":{"title":"Une collection exceptionnelle de photographies a\u00e9riennes rejoint les archives de l\u2019IGN - IGN","robots":{"index":"index","follow":"follow","max-snippet":"max-snippet:-1","max-image-preview":"max-image-preview:large","max-video-preview":"max-video-preview:-1"},"canonical":"https:\/\/ngi.be\/fr\/une-collection-exceptionnelle-de-photographies-aeriennes-rejoint-les-archives-de-lign\/","og_locale":"fr_FR","og_type":"article","og_title":"Une collection exceptionnelle de photographies a\u00e9riennes rejoint les archives de l\u2019IGN - IGN","og_description":"L\u2019IGN a r\u00e9cemment re\u00e7u un don exceptionnel d\u2019Eurosense : une vaste collection historique de photographies a\u00e9riennes t\u00e9moignant de plusieurs d\u00e9cennies d\u2019observation du territoire belge. Cette collection, issue de pr\u00e8s de 2 000 vols r\u00e9alis\u00e9s entre 1967 et 2006, vient d\u2019\u00eatre transf\u00e9r\u00e9e dans les archives de l&#8217;IGN.","og_url":"https:\/\/ngi.be\/fr\/une-collection-exceptionnelle-de-photographies-aeriennes-rejoint-les-archives-de-lign\/","og_site_name":"IGN","article_published_time":"2026-08-28T11:06:43+00:00","og_image":[{"width":486,"height":647,"url":"https:\/\/ngi.be\/app\/uploads\/2026\/08\/Picture2.jpg","type":"image\/jpeg"}],"author":"Sandrine","twitter_card":"summary_large_image","twitter_misc":{"Written by":"Sandrine","Est. reading time":"2 minutes"},"schema":{"@context":"https:\/\/schema.org","@graph":[{"@type":"Article","@id":"https:\/\/ngi.be\/fr\/une-collection-exceptionnelle-de-photographies-aeriennes-rejoint-les-archives-de-lign\/#article","isPartOf":{"@id":"https:\/\/ngi.be\/fr\/une-collection-exceptionnelle-de-photographies-aeriennes-rejoint-les-archives-de-lign\/"},"author":{"name":"Sandrine","@id":"https:\/\/ngi.be\/#\/schema\/person\/f8589e2a7024fcd16fa013b6d179d526"},"headline":"Une collection exceptionnelle de photographies a\u00e9riennes rejoint les archives de l\u2019IGN","datePublished":"2026-08-28T11:06:43+00:00","mainEntityOfPage":{"@id":"https:\/\/ngi.be\/fr\/une-collection-exceptionnelle-de-photographies-aeriennes-rejoint-les-archives-de-lign\/"},"wordCount":298,"image":{"@id":"https:\/\/ngi.be\/fr\/une-collection-exceptionnelle-de-photographies-aeriennes-rejoint-les-archives-de-lign\/#primaryimage"},"thumbnailUrl":"https:\/\/ngi.be\/app\/uploads\/2026\/08\/Picture2.jpg","articleSection":["Non classifi\u00e9(e)"],"inLanguage":"fr-FR"},{"@type":"WebPage","@id":"https:\/\/ngi.be\/fr\/une-collection-exceptionnelle-de-photographies-aeriennes-rejoint-les-archives-de-lign\/","url":"https:\/\/ngi.be\/fr\/une-collection-exceptionnelle-de-photographies-aeriennes-rejoint-les-archives-de-lign\/","name":"Une collection exceptionnelle de photographies a\u00e9riennes rejoint les archives de l\u2019IGN - IGN","isPartOf":{"@id":"https:\/\/ngi.be\/#website"},"primaryImageOfPage":{"@id":"https:\/\/ngi.be\/fr\/une-collection-exceptionnelle-de-photographies-aeriennes-rejoint-les-archives-de-lign\/#primaryimage"},"image":{"@id":"https:\/\/ngi.be\/fr\/une-collection-exceptionnelle-de-photographies-aeriennes-rejoint-les-archives-de-lign\/#primaryimage"},"thumbnailUrl":"https:\/\/ngi.be\/app\/uploads\/2026\/08\/Picture2.jpg","datePublished":"2026-08-28T11:06:43+00:00","author":{"@id":"https:\/\/ngi.be\/#\/schema\/person\/f8589e2a7024fcd16fa013b6d179d526"},"breadcrumb":{"@id":"https:\/\/ngi.be\/fr\/une-collection-exceptionnelle-de-photographies-aeriennes-rejoint-les-archives-de-lign\/#breadcrumb"},"inLanguage":"fr-FR","potentialAction":[{"@type":"ReadAction","target":["https:\/\/ngi.be\/fr\/une-collection-exceptionnelle-de-photographies-aeriennes-rejoint-les-archives-de-lign\/"]}]},{"@type":"ImageObject","inLanguage":"fr-FR","@id":"https:\/\/ngi.be\/fr\/une-collection-exceptionnelle-de-photographies-aeriennes-rejoint-les-archives-de-lign\/#primaryimage","url":"https:\/\/ngi.be\/app\/uploads\/2026\/08\/Picture2.jpg","contentUrl":"https:\/\/ngi.be\/app\/uploads\/2026\/08\/Picture2.jpg","width":486,"height":647,"caption":"alt=\"\""},{"@type":"BreadcrumbList","@id":"https:\/\/ngi.be\/fr\/une-collection-exceptionnelle-de-photographies-aeriennes-rejoint-les-archives-de-lign\/#breadcrumb","itemListElement":[{"@type":"ListItem","position":1,"name":"Home","item":"https:\/\/ngi.be\/fr\/"},{"@type":"ListItem","position":2,"name":"Une collection exceptionnelle de photographies a\u00e9riennes rejoint les archives de l\u2019IGN"}]},{"@type":"WebSite","@id":"https:\/\/ngi.be\/#website","url":"https:\/\/ngi.be\/","name":"IGN","description":"Cartes topographiques et bases de donn\u00e9es, photos a\u00e9riennes","potentialAction":[{"@type":"SearchAction","target":{"@type":"EntryPoint","urlTemplate":"https:\/\/ngi.be\/?s={search_term_string}"},"query-input":{"@type":"PropertyValueSpecification","valueRequired":true,"valueName":"search_term_string"}}],"inLanguage":"fr-FR"},{"@type":"Person","@id":"https:\/\/ngi.be\/#\/schema\/person\/f8589e2a7024fcd16fa013b6d179d526","name":"Sandrine","image":{"@type":"ImageObject","inLanguage":"fr-FR","@id":"https:\/\/secure.gravatar.com\/avatar\/8bab42386a943719e3cac31ed7bd293dbc489dcdef08af700274d68718a13dfa?s=96&d=mm&r=g","url":"https:\/\/secure.gravatar.com\/avatar\/8bab42386a943719e3cac31ed7bd293dbc489dcdef08af700274d68718a13dfa?s=96&d=mm&r=g","contentUrl":"https:\/\/secure.gravatar.com\/avatar\/8bab42386a943719e3cac31ed7bd293dbc489dcdef08af700274d68718a13dfa?s=96&d=mm&r=g","caption":"Sandrine"}}]}},"date_formatted":"28\/08\/2026","_links":{"self":[{"href":"https:\/\/ngi.be\/fr\/wp-json\/wp\/v2\/posts\/22195","targetHints":{"allow":["GET"]}}],"collection":[{"href":"https:\/\/ngi.be\/fr\/wp-json\/wp\/v2\/posts"}],"about":[{"href":"https:\/\/ngi.be\/fr\/wp-json\/wp\/v2\/types\/post"}],"author":[{"embeddable":true,"href":"https:\/\/ngi.be\/fr\/wp-json\/wp\/v2\/users\/13"}],"replies":[{"embeddable":true,"href":"https:\/\/ngi.be\/fr\/wp-json\/wp\/v2\/comments?post=22195"}],"version-history":[{"count":1,"href":"https:\/\/ngi.be\/fr\/wp-json\/wp\/v2\/posts\/22195\/revisions"}],"predecessor-version":[{"id":22196,"href":"https:\/\/ngi.be\/fr\/wp-json\/wp\/v2\/posts\/22195\/revisions\/22196"}],"wp:featuredmedia":[{"embeddable":true,"href":"https:\/\/ngi.be\/fr\/wp-json\/wp\/v2\/media\/22190"}],"wp:attachment":[{"href":"https:\/\/ngi.be\/fr\/wp-json\/wp\/v2\/media?parent=22195"}],"wp:term":[{"taxonomy":"category","embeddable":true,"href":"https:\/\/ngi.be\/fr\/wp-json\/wp\/v2\/categories?post=22195"},{"taxonomy":"post_tag","embeddable":true,"href":"https:\/\/ngi.be\/fr\/wp-json\/wp\/v2\/tags?post=22195"}],"curies":[{"name":"wp","href":"https:\/\/api.w.org\/{rel}","templated":true}]}}